{"id":118,"date":"2025-06-18T11:15:56","date_gmt":"2025-06-18T09:15:56","guid":{"rendered":"https:\/\/peace.lu\/?p=118"},"modified":"2025-06-18T11:15:56","modified_gmt":"2025-06-18T09:15:56","slug":"moamen-tue-a-gaza-etait-fier-de-son-lien-avec-le-luxembourg","status":"publish","type":"post","link":"https:\/\/peace.lu\/?p=118","title":{"rendered":"Moamen, tu\u00e9 \u00e0 Gaza, \u00ab\u00e9tait fier de son lien avec le Luxembourg\u00bb"},"content":{"rendered":"\n<p>Le journaliste gazaoui Moamen Abu Alouf a \u00e9t\u00e9 tu\u00e9 le 9 juin dans une frappe isra\u00e9lienne. Il recevait de l&#8217;aide de r\u00e9sidents luxembourgeois.<\/p>\n\n\n\n<p>\u00abTu es fou, quelle surprise!\u00bb. Le journaliste gazaoui Moamen Abu Alouf avait pos\u00e9 lui-m\u00eame le logo \u00abLuxembourg4Palestine\u00bb sur sa veste. Au grand \u00e9tonnement de Fatima Kurtic, une habitante de Schifflange, qui soutenait ses activit\u00e9s humanitaires \u00e0 Gaza (exemple: approvisionnement en eau) depuis plusieurs ann\u00e9es.<\/p>\n\n\n\n<p>Mais le jeune homme de 19 ans a \u00e9t\u00e9 tu\u00e9 le 9 juin dernier dans une frappe isra\u00e9lienne, alors qu&#8217;il venait en aide aux victimes d&#8217;un premier bombardement dans une maison du quartier d\u2019Al-Tuffah, dans le nord-est de la ville de Gaza, d&#8217;apr\u00e8s la D\u00e9fense civile de Gaza  &#8230;&#8230;   <a href=\"https:\/\/www.lessentiel.lu\/fr\/story\/guerre-au-proche-orient-moamen-tue-a-gaza-etait-fier-de-son-lien-avec-le-luxembourg-103365250\">lessentiel.lu<\/a><\/p>\n\n\n\n<hr class=\"wp-block-separator has-alpha-channel-opacity\"\/>\n","protected":false},"excerpt":{"rendered":"<p>Le journaliste gazaoui Moamen Abu Alouf a \u00e9t\u00e9 tu\u00e9 le 9 juin dans une frappe isra\u00e9lienne. Il recevait de l&#8217;aide de r\u00e9sidents luxembourgeois. \u00abTu es fou, quelle surprise!\u00bb. Le journaliste gazaoui Moamen Abu Alouf avait pos\u00e9 lui-m\u00eame le logo \u00abLuxembourg4Palestine\u00bb sur sa veste. Au grand \u00e9tonnement de Fatima Kurtic, une habitante de Schifflange, qui soutenait<a class=\"more-link\" href=\"https:\/\/peace.lu\/?p=118\">Read more<\/a><\/p>\n","protected":false},"author":1,"featured_media":0,"comment_status":"open","ping_status":"open","sticky":false,"template":"","format":"standard","meta":{"footnotes":""},"categories":[1],"tags":[],"class_list":["post-118","post","type-post","status-publish","format-standard","hentry","category-uncategorized"],"_links":{"self":[{"href":"https:\/\/peace.lu\/index.php?rest_route=\/wp\/v2\/posts\/118","targetHints":{"allow":["GET"]}}],"collection":[{"href":"https:\/\/peace.lu\/index.php?rest_route=\/wp\/v2\/posts"}],"about":[{"href":"https:\/\/peace.lu\/index.php?rest_route=\/wp\/v2\/types\/post"}],"author":[{"embeddable":true,"href":"https:\/\/peace.lu\/index.php?rest_route=\/wp\/v2\/users\/1"}],"replies":[{"embeddable":true,"href":"https:\/\/peace.lu\/index.php?rest_route=%2Fwp%2Fv2%2Fcomments&post=118"}],"version-history":[{"count":1,"href":"https:\/\/peace.lu\/index.php?rest_route=\/wp\/v2\/posts\/118\/revisions"}],"predecessor-version":[{"id":119,"href":"https:\/\/peace.lu\/index.php?rest_route=\/wp\/v2\/posts\/118\/revisions\/119"}],"wp:attachment":[{"href":"https:\/\/peace.lu\/index.php?rest_route=%2Fwp%2Fv2%2Fmedia&parent=118"}],"wp:term":[{"taxonomy":"category","embeddable":true,"href":"https:\/\/peace.lu\/index.php?rest_route=%2Fwp%2Fv2%2Fcategories&post=118"},{"taxonomy":"post_tag","embeddable":true,"href":"https:\/\/peace.lu\/index.php?rest_route=%2Fwp%2Fv2%2Ftags&post=118"}],"curies":[{"name":"wp","href":"https:\/\/api.w.org\/{rel}","templated":true}]}}