{"id":128,"date":"2025-06-20T21:39:05","date_gmt":"2025-06-20T19:39:05","guid":{"rendered":"https:\/\/peace.lu\/?p=128"},"modified":"2025-06-28T06:45:51","modified_gmt":"2025-06-28T04:45:51","slug":"petition-publique-n3231","status":"publish","type":"post","link":"https:\/\/peace.lu\/?p=128","title":{"rendered":"P\u00e9tition publique n\u00b03231"},"content":{"rendered":"\n<h2 class=\"wp-block-heading\"><mark style=\"background-color:rgba(0, 0, 0, 0)\" class=\"has-inline-color has-vivid-green-cyan-color\">L\u00ebtzebuerg soll Israel sanktion\u00e9iere fir seng Politik a Pal\u00e4stina. <\/mark><mark style=\"background-color:rgba(0, 0, 0, 0)\" class=\"has-inline-color has-vivid-red-color\">\/ Le Luxembourg doit sanctionner Isra\u00ebl pour sa politique en Palestine<\/mark><\/h2>\n\n\n\n<h2 class=\"wp-block-heading\">Objet de la p\u00e9tition<\/h2>\n\n\n\n<p>L\u00ebtzebuerg soll Israel fir seng Politik a Pal\u00e4stina sanktion\u00e9ieren. Esou soll Drock gemaach gin, fir dass Israel sech un d&#8217;V\u00eblkerrecht h\u00e4lt. D\u00ebst wier och am S\u00ebnn vun enger Relance vum Friddensprozess. [FR] Le Luxembourg doit sanctionner Isra\u00ebl pour sa politique en Palestine et ainsi faire pression sur Isra\u00ebl afin qu&#8217;il se conforme au droit international. Cela favoriserait \u00e9galement une relance du processus de paix. [EN] Luxembourg must sanction Israel for its policies in Palestine to increase pressure on Israel to comply with international law. This would also encourage a resumption of the peace process.<\/p>\n\n\n\n<h2 class=\"wp-block-heading\">Motivation de la p\u00e9tition<\/h2>\n\n\n\n<p>No der Petition iwwert d&#8217;Unerkennung vum Staat Pal\u00e4stina ass kloer, dass weider Moosname n\u00e9ideg sin, fir dass Israel oph\u00e4llt mat senger Politik vun Okkupatioun, Segregatioun an Attacken g\u00e9int d&#8221;Pal\u00e4stinenser. Un der Illegalit\u00e9it vun d\u00ebser Politik besteet keen Zweifel. Den Internationale Geriichtshaff huet dat op en Neits de 19. Juli 2024 gesot. De Procureur vum Internationale Strofgeriichtshaff schw\u00e4tzt formell vu Krichsverbriechen. L\u00ebtzebuerg huet och schon aner L\u00e4nner fir \u00e4hnlech Violatioune sanktion\u00e9iert. Israel dierf hei keng Ausnam bleiwen, wa L\u00ebtzebuerg w\u00ebll koh\u00e4rent si mat sengem Engagement fir Fridden a Gerechtegkeet. [FR] \u00c0 la suite de la p\u00e9tition pour la reconnaissance de l&#8217;\u00c9tat de Palestine, il est d\u00e9sormais clair que d&#8221;autres mesures sont n\u00e9cessaires pour mettre fin \u00e0 la politique isra\u00e9lienne d&#8221;occupation, de s\u00e9gr\u00e9gation et d&#8221;attaques contre les Palestiniens. L&#8221;ill\u00e9galit\u00e9 de cette politique ne fait aucun doute. La Cour internationale de Justice s&#8221;est \u00e0 nouveau prononc\u00e9e en ce sens le 19 juillet 2024. Le Procureur de la Cour p\u00e9nale internationale a formellement parl\u00e9 de crimes de guerre. Le Luxembourg a d\u00e9j\u00e0 par le pass\u00e9 sanctionn\u00e9 d&#8217;autres \u00c9tats pour des violations similaires. Pour rester coh\u00e9rent avec son engagement pour la justice et la paix, il ne saurait faire d&#8217;exception pour Isra\u00ebl. [EN ] Following the Petition on Recognition of the State of Palestine, it has become clear that further measures are needed to halt the Israeli policy of occupation, segregation, and attacks against the Palestinians. There is no doubt that this policy is illegal. The International Court of Justice made yet another statement to that effect on 19 July 2024. The Prosecutor of the International Criminal Court formally used the term war crimes. Luxembourg has previously sanctioned other states for similar violations. To remain consistent with its commitment to peace and justice, it cannot make an exception for Israel.<\/p>\n\n\n\n<p>Date de d\u00e9p\u00f4t: 02\/07\/2024 \/ Link:  <a href=\"https:\/\/www.petitiounen.lu\/fr\/petition\/3231\">https:\/\/www.petitiounen.lu\/fr\/petition\/3231<\/a><\/p>\n\n\n\n<hr class=\"wp-block-separator has-alpha-channel-opacity\"\/>\n\n\n\n<p class=\"has-white-color has-vivid-green-cyan-background-color has-text-color has-background has-link-color wp-elements-9014da3b077fa87a7f0d8fee722cb1f4\"><strong>Comment: J.Bellwald \/ 06-28-25 \/ essentiel.lu \/<\/strong><\/p>\n\n\n\n<figure class=\"wp-block-image size-large is-style-default\"><img loading=\"lazy\" decoding=\"async\" width=\"713\" height=\"1024\" src=\"https:\/\/peace.lu\/wp-content\/uploads\/2025\/06\/Petition_Krieps-713x1024.jpg\" alt=\"\" class=\"wp-image-135\" srcset=\"https:\/\/peace.lu\/wp-content\/uploads\/2025\/06\/Petition_Krieps-713x1024.jpg 713w, https:\/\/peace.lu\/wp-content\/uploads\/2025\/06\/Petition_Krieps-209x300.jpg 209w, https:\/\/peace.lu\/wp-content\/uploads\/2025\/06\/Petition_Krieps-768x1103.jpg 768w, https:\/\/peace.lu\/wp-content\/uploads\/2025\/06\/Petition_Krieps.jpg 870w\" sizes=\"auto, (max-width: 713px) 100vw, 713px\" \/><\/figure>\n\n\n\n<hr class=\"wp-block-separator has-alpha-channel-opacity\"\/>\n","protected":false},"excerpt":{"rendered":"<p>L\u00ebtzebuerg soll Israel sanktion\u00e9iere fir seng Politik a Pal\u00e4stina. \/ Le Luxembourg doit sanctionner Isra\u00ebl pour sa politique en Palestine Objet de la p\u00e9tition L\u00ebtzebuerg soll Israel fir seng Politik a Pal\u00e4stina sanktion\u00e9ieren. Esou soll Drock gemaach gin, fir dass Israel sech un d&#8217;V\u00eblkerrecht h\u00e4lt. D\u00ebst wier och am S\u00ebnn vun enger Relance vum Friddensprozess.<a class=\"more-link\" href=\"https:\/\/peace.lu\/?p=128\">Read more<\/a><\/p>\n","protected":false},"author":1,"featured_media":0,"comment_status":"open","ping_status":"open","sticky":false,"template":"","format":"standard","meta":{"footnotes":""},"categories":[16,6,15,11],"tags":[],"class_list":["post-128","post","type-post","status-publish","format-standard","hentry","category-genocide","category-israel-palestine-conflict","category-luxembourg","category-politique"],"_links":{"self":[{"href":"https:\/\/peace.lu\/index.php?rest_route=\/wp\/v2\/posts\/128","targetHints":{"allow":["GET"]}}],"collection":[{"href":"https:\/\/peace.lu\/index.php?rest_route=\/wp\/v2\/posts"}],"about":[{"href":"https:\/\/peace.lu\/index.php?rest_route=\/wp\/v2\/types\/post"}],"author":[{"embeddable":true,"href":"https:\/\/peace.lu\/index.php?rest_route=\/wp\/v2\/users\/1"}],"replies":[{"embeddable":true,"href":"https:\/\/peace.lu\/index.php?rest_route=%2Fwp%2Fv2%2Fcomments&post=128"}],"version-history":[{"count":8,"href":"https:\/\/peace.lu\/index.php?rest_route=\/wp\/v2\/posts\/128\/revisions"}],"predecessor-version":[{"id":141,"href":"https:\/\/peace.lu\/index.php?rest_route=\/wp\/v2\/posts\/128\/revisions\/141"}],"wp:attachment":[{"href":"https:\/\/peace.lu\/index.php?rest_route=%2Fwp%2Fv2%2Fmedia&parent=128"}],"wp:term":[{"taxonomy":"category","embeddable":true,"href":"https:\/\/peace.lu\/index.php?rest_route=%2Fwp%2Fv2%2Fcategories&post=128"},{"taxonomy":"post_tag","embeddable":true,"href":"https:\/\/peace.lu\/index.php?rest_route=%2Fwp%2Fv2%2Ftags&post=128"}],"curies":[{"name":"wp","href":"https:\/\/api.w.org\/{rel}","templated":true}]}}