{"id":178,"date":"2025-07-18T20:11:42","date_gmt":"2025-07-18T18:11:42","guid":{"rendered":"https:\/\/peace.lu\/?p=178"},"modified":"2025-07-19T08:00:34","modified_gmt":"2025-07-19T06:00:34","slug":"kinder-in-der-holle-auf-erden","status":"publish","type":"post","link":"https:\/\/peace.lu\/?p=178","title":{"rendered":"Kinder in der H\u00f6lle auf Erden"},"content":{"rendered":"\n<p>Israel hat den Gazastreifen inzwischen komplett abgeriegelt. Die Lebensbedingungen vor Ort sind menschenunw\u00fcrdig und gef\u00e4hrlich, \u00c4rzte berichten von Kindern mit Schusswunden im Genitalbereich. Unicef-Vorst\u00e4ndin Catherine Russell nennt erschreckende Zahlen.<\/p>\n\n\n\n<figure class=\"wp-block-video\"><video height=\"720\" style=\"aspect-ratio: 1280 \/ 720;\" width=\"1280\" src=\"https:\/\/peace.lu\/wp-content\/uploads\/2025\/07\/Kinder-in-der-Holle-auf-Erden-25909124.mp4\"><\/video><\/figure>\n\n\n\n<p><a href=\"https:\/\/www.n-tv.de\/mediathek\/videos\/politik\/Kinder-in-der-Hoelle-auf-Erden-article25909124.html\">https:\/\/www.n-tv.de\/mediathek\/videos\/politik\/Kinder-in-der-Hoelle-auf-Erden-article25909124.html<\/a><\/p>\n\n\n\n<hr class=\"wp-block-separator has-alpha-channel-opacity\"\/>\n","protected":false},"excerpt":{"rendered":"<p>Israel hat den Gazastreifen inzwischen komplett abgeriegelt. Die Lebensbedingungen vor Ort sind menschenunw\u00fcrdig und gef\u00e4hrlich, \u00c4rzte berichten von Kindern mit Schusswunden im Genitalbereich. Unicef-Vorst\u00e4ndin Catherine Russell nennt erschreckende Zahlen. https:\/\/www.n-tv.de\/mediathek\/videos\/politik\/Kinder-in-der-Hoelle-auf-Erden-article25909124.html<\/p>\n","protected":false},"author":1,"featured_media":184,"comment_status":"open","ping_status":"open","sticky":false,"template":"","format":"standard","meta":{"footnotes":""},"categories":[16,6],"tags":[],"class_list":["post-178","post","type-post","status-publish","format-standard","has-post-thumbnail","hentry","category-genocide","category-israel-palestine-conflict"],"_links":{"self":[{"href":"https:\/\/peace.lu\/index.php?rest_route=\/wp\/v2\/posts\/178","targetHints":{"allow":["GET"]}}],"collection":[{"href":"https:\/\/peace.lu\/index.php?rest_route=\/wp\/v2\/posts"}],"about":[{"href":"https:\/\/peace.lu\/index.php?rest_route=\/wp\/v2\/types\/post"}],"author":[{"embeddable":true,"href":"https:\/\/peace.lu\/index.php?rest_route=\/wp\/v2\/users\/1"}],"replies":[{"embeddable":true,"href":"https:\/\/peace.lu\/index.php?rest_route=%2Fwp%2Fv2%2Fcomments&post=178"}],"version-history":[{"count":3,"href":"https:\/\/peace.lu\/index.php?rest_route=\/wp\/v2\/posts\/178\/revisions"}],"predecessor-version":[{"id":183,"href":"https:\/\/peace.lu\/index.php?rest_route=\/wp\/v2\/posts\/178\/revisions\/183"}],"wp:featuredmedia":[{"embeddable":true,"href":"https:\/\/peace.lu\/index.php?rest_route=\/wp\/v2\/media\/184"}],"wp:attachment":[{"href":"https:\/\/peace.lu\/index.php?rest_route=%2Fwp%2Fv2%2Fmedia&parent=178"}],"wp:term":[{"taxonomy":"category","embeddable":true,"href":"https:\/\/peace.lu\/index.php?rest_route=%2Fwp%2Fv2%2Fcategories&post=178"},{"taxonomy":"post_tag","embeddable":true,"href":"https:\/\/peace.lu\/index.php?rest_route=%2Fwp%2Fv2%2Ftags&post=178"}],"curies":[{"name":"wp","href":"https:\/\/api.w.org\/{rel}","templated":true}]}}