{"id":303,"date":"2026-01-23T18:37:45","date_gmt":"2026-01-23T17:37:45","guid":{"rendered":"https:\/\/peace.lu\/?p=303"},"modified":"2026-01-23T18:37:45","modified_gmt":"2026-01-23T17:37:45","slug":"larmee-luxembourgeoise-va-souvrir-aux-frontaliers","status":"publish","type":"post","link":"https:\/\/peace.lu\/?p=303","title":{"rendered":"L&#8217;arm\u00e9e luxembourgeoise va s&#8217;ouvrir aux frontaliers"},"content":{"rendered":"\n<p>Le minist\u00e8re de la D\u00e9fense veut ouvrir la carri\u00e8re de soldat volontaire aux ressortissants UE non r\u00e9sidents, pour booster le recrutement de l&#8217;arm\u00e9e.<\/p>\n\n\n\n<p>En r\u00e9ponse aux d\u00e9put\u00e9s LSAP Mars Di Bartolomeo et Liz Braz, la ministre a pr\u00e9cis\u00e9 \u00abqu\u2019un niveau minimal A2 en langue luxembourgeoise est requis\u00bb, mais \u00abqu&#8217;aucune restriction g\u00e9ographique \u00e0 la Grande R\u00e9gion n&#8217;est pr\u00e9vue\u00bb.<\/p>\n\n\n\n<p>Par ailleurs, l&#8217;arm\u00e9e pourra \u00eatre un moyen d&#8217;\u00eatre naturalis\u00e9. \u00abIl est envisag\u00e9 que l\u2019\u00e9ligibilit\u00e9 \u00e0 la nationalit\u00e9 luxembourgeoise s\u2019ouvrirait \u00e0 leur \u00e9gard apr\u00e8s quatre ann\u00e9es de bons et loyaux services comme soldat volontaire, contre une ann\u00e9e pour les ressortissants UE remplissant une condition de r\u00e9sidence de trois ans dont la derni\u00e8re en continu\u00bb, a pr\u00e9cis\u00e9 Yuriko Backes dans la r\u00e9ponse parlementaire.<\/p>\n\n\n\n<p>Source: Lessentiel.lu<\/p>\n\n\n\n<p><\/p>\n","protected":false},"excerpt":{"rendered":"<p>Le minist\u00e8re de la D\u00e9fense veut ouvrir la carri\u00e8re de soldat volontaire aux ressortissants UE non r\u00e9sidents, pour booster le recrutement de l&#8217;arm\u00e9e. En r\u00e9ponse aux d\u00e9put\u00e9s LSAP Mars Di Bartolomeo et Liz Braz, la ministre a pr\u00e9cis\u00e9 \u00abqu\u2019un niveau minimal A2 en langue luxembourgeoise est requis\u00bb, mais \u00abqu&#8217;aucune restriction g\u00e9ographique \u00e0 la Grande R\u00e9gion<a class=\"more-link\" href=\"https:\/\/peace.lu\/?p=303\">Read more<\/a><\/p>\n","protected":false},"author":1,"featured_media":0,"comment_status":"open","ping_status":"open","sticky":false,"template":"","format":"standard","meta":{"footnotes":""},"categories":[15,11],"tags":[],"class_list":["post-303","post","type-post","status-publish","format-standard","hentry","category-luxembourg","category-politique"],"_links":{"self":[{"href":"https:\/\/peace.lu\/index.php?rest_route=\/wp\/v2\/posts\/303","targetHints":{"allow":["GET"]}}],"collection":[{"href":"https:\/\/peace.lu\/index.php?rest_route=\/wp\/v2\/posts"}],"about":[{"href":"https:\/\/peace.lu\/index.php?rest_route=\/wp\/v2\/types\/post"}],"author":[{"embeddable":true,"href":"https:\/\/peace.lu\/index.php?rest_route=\/wp\/v2\/users\/1"}],"replies":[{"embeddable":true,"href":"https:\/\/peace.lu\/index.php?rest_route=%2Fwp%2Fv2%2Fcomments&post=303"}],"version-history":[{"count":1,"href":"https:\/\/peace.lu\/index.php?rest_route=\/wp\/v2\/posts\/303\/revisions"}],"predecessor-version":[{"id":304,"href":"https:\/\/peace.lu\/index.php?rest_route=\/wp\/v2\/posts\/303\/revisions\/304"}],"wp:attachment":[{"href":"https:\/\/peace.lu\/index.php?rest_route=%2Fwp%2Fv2%2Fmedia&parent=303"}],"wp:term":[{"taxonomy":"category","embeddable":true,"href":"https:\/\/peace.lu\/index.php?rest_route=%2Fwp%2Fv2%2Fcategories&post=303"},{"taxonomy":"post_tag","embeddable":true,"href":"https:\/\/peace.lu\/index.php?rest_route=%2Fwp%2Fv2%2Ftags&post=303"}],"curies":[{"name":"wp","href":"https:\/\/api.w.org\/{rel}","templated":true}]}}