{"id":315,"date":"2026-03-15T07:15:07","date_gmt":"2026-03-15T06:15:07","guid":{"rendered":"https:\/\/peace.lu\/?p=315"},"modified":"2026-03-15T07:29:37","modified_gmt":"2026-03-15T06:29:37","slug":"conflit-au-moyen-orient-la-suisse-refuse-deux-survols-militaires-americains","status":"publish","type":"post","link":"https:\/\/peace.lu\/?p=315","title":{"rendered":"Conflit au Moyen-Orient: La Suisse refuse deux survols militaires am\u00e9ricains"},"content":{"rendered":"\n<p>Le Conseil f\u00e9d\u00e9ral a examin\u00e9 plusieurs demandes am\u00e9ricaines de survol. Deux vols li\u00e9s au conflit avec l\u2019Iran ont \u00e9t\u00e9 refus\u00e9s, tandis que trois autres ont \u00e9t\u00e9 autoris\u00e9s.<\/p>\n\n\n\n<p>La Suisse a pour la premi\u00e8re fois depuis le d\u00e9but du conflit au Moyen-Orient annonc\u00e9 samedi avoir rejet\u00e9 deux demandes des \u00c9tats-Unis de survol de son territoire, faisant valoir son \u00abdroit \u00e0 la neutralit\u00e9\u00bb.<\/p>\n\n\n\n<p>Les Am\u00e9ricains ont d\u00e9pos\u00e9 plusieurs demandes en ce sens, notamment pour des a\u00e9ronefs militaires, a d\u00e9clar\u00e9 le gouvernement suisse dans un communiqu\u00e9. \u00abAu total, deux demandes en lien avec la guerre en Iran ont \u00e9t\u00e9 rejet\u00e9es\u00bb, a-t-il dit, pr\u00e9cisant avoir trait\u00e9 samedi l&#8217;ensemble des requ\u00eates d\u00e9pos\u00e9es par Washington  &#8230;<\/p>\n\n\n\n<h2 class=\"wp-block-heading\">Depuis 1815, la Suisse est reconnue officiellement comme \u00e9tant un pays neutre par la communaut\u00e9 internationale. Sa neutralit\u00e9 est permanente, arm\u00e9e et librement choisie.<\/h2>\n\n\n\n<p>SOURCE:  L&#8217;<a href=\"https:\/\/www.lessentiel.lu\/fr\/story\/conflit-au-moyen-orient-la-suisse-refuse-deux-survols-militaires-americains-103526558\" data-type=\"link\" data-id=\"https:\/\/www.lessentiel.lu\/fr\/story\/conflit-au-moyen-orient-la-suisse-refuse-deux-survols-militaires-americains-103526558\" target=\"_blank\" rel=\"noreferrer noopener\">essentiel.lu<\/a><\/p>\n\n\n\n<blockquote class=\"wp-block-quote is-layout-flow wp-block-quote-is-layout-flow\">\n<figure class=\"wp-block-pullquote\"><blockquote><p><em>Photo: Boeing C-17 Globemaster III  &#8211;<em>McDonnell Douglas \/ Boeing<br>Military strategic\/tactical airlifter<\/em><\/em> <em>over G-D of Luxembourg (15 mars 2026)<br><\/em><\/p><\/blockquote><\/figure>\n<\/blockquote>\n\n\n\n<hr class=\"wp-block-separator has-alpha-channel-opacity\"\/>\n\n\n\n<p><\/p>\n","protected":false},"excerpt":{"rendered":"<p>Le Conseil f\u00e9d\u00e9ral a examin\u00e9 plusieurs demandes am\u00e9ricaines de survol. Deux vols li\u00e9s au conflit avec l\u2019Iran ont \u00e9t\u00e9 refus\u00e9s, tandis que trois autres ont \u00e9t\u00e9 autoris\u00e9s. La Suisse a pour la premi\u00e8re fois depuis le d\u00e9but du conflit au Moyen-Orient annonc\u00e9 samedi avoir rejet\u00e9 deux demandes des \u00c9tats-Unis de survol de son territoire, faisant<a class=\"more-link\" href=\"https:\/\/peace.lu\/?p=315\">Read more<\/a><\/p>\n","protected":false},"author":1,"featured_media":317,"comment_status":"open","ping_status":"open","sticky":false,"template":"","format":"standard","meta":{"footnotes":""},"categories":[20,22],"tags":[],"class_list":["post-315","post","type-post","status-publish","format-standard","has-post-thumbnail","hentry","category-us-wars","category-us-iran-war"],"_links":{"self":[{"href":"https:\/\/peace.lu\/index.php?rest_route=\/wp\/v2\/posts\/315","targetHints":{"allow":["GET"]}}],"collection":[{"href":"https:\/\/peace.lu\/index.php?rest_route=\/wp\/v2\/posts"}],"about":[{"href":"https:\/\/peace.lu\/index.php?rest_route=\/wp\/v2\/types\/post"}],"author":[{"embeddable":true,"href":"https:\/\/peace.lu\/index.php?rest_route=\/wp\/v2\/users\/1"}],"replies":[{"embeddable":true,"href":"https:\/\/peace.lu\/index.php?rest_route=%2Fwp%2Fv2%2Fcomments&post=315"}],"version-history":[{"count":8,"href":"https:\/\/peace.lu\/index.php?rest_route=\/wp\/v2\/posts\/315\/revisions"}],"predecessor-version":[{"id":325,"href":"https:\/\/peace.lu\/index.php?rest_route=\/wp\/v2\/posts\/315\/revisions\/325"}],"wp:featuredmedia":[{"embeddable":true,"href":"https:\/\/peace.lu\/index.php?rest_route=\/wp\/v2\/media\/317"}],"wp:attachment":[{"href":"https:\/\/peace.lu\/index.php?rest_route=%2Fwp%2Fv2%2Fmedia&parent=315"}],"wp:term":[{"taxonomy":"category","embeddable":true,"href":"https:\/\/peace.lu\/index.php?rest_route=%2Fwp%2Fv2%2Fcategories&post=315"},{"taxonomy":"post_tag","embeddable":true,"href":"https:\/\/peace.lu\/index.php?rest_route=%2Fwp%2Fv2%2Ftags&post=315"}],"curies":[{"name":"wp","href":"https:\/\/api.w.org\/{rel}","templated":true}]}}